{"id":214,"date":"2021-03-09T15:12:45","date_gmt":"2021-03-09T15:12:45","guid":{"rendered":"https:\/\/kyriakoulakou.com\/blog\/?p=214"},"modified":"2021-03-09T15:40:22","modified_gmt":"2021-03-09T15:40:22","slug":"tu-y-yo-ruben-dario","status":"publish","type":"post","link":"https:\/\/kyriakoulakou.com\/blog\/?p=214","title":{"rendered":"T\u00fa y yo &#8211; Rub\u00e9n Dar\u00edo"},"content":{"rendered":"<p style=\"text-align: center;\">I<\/p>\n<p style=\"text-align: center;\">Yo vi un ave<br \/>\nque s\u00fcave<br \/>\nsus cantares<br \/>\nenton\u00f3<br \/>\ny vol\u00f3&#8230;<\/p>\n<p style=\"text-align: center;\">Y a lo lejos,<br \/>\nlos reflejos<br \/>\nde la luna en alta cumbre<br \/>\nque, argentando las espumas<br \/>\nba\u00f1aba de luz sus plumas<br \/>\nde tis\u00fa&#8230;<br \/>\n\u00a1y eras t\u00fa!<\/p>\n<p style=\"text-align: center;\">Y vi un alma<br \/>\nque, sin calma,<br \/>\nsus amores<br \/>\ncantaba en tristes rumores;<br \/>\ny su ser<br \/>\nconmover<br \/>\na las rocas parec\u00eda;<br \/>\nmir\u00f3 la azul lejan\u00eda&#8230;<br \/>\ntendi\u00f3 la vista anhelante,<br \/>\nsuspir\u00f3, y cantando amante<br \/>\nprosigui\u00f3&#8230;<br \/>\n\u00a1y era<br \/>\nyo!<\/p>\n<p style=\"text-align: center;\">II<\/p>\n<p style=\"text-align: center;\">\u00bfViste<br \/>\ntriste<br \/>\nsol?<\/p>\n<p style=\"text-align: center;\">Tan triste<br \/>\ncomo \u00e9l,<br \/>\n\u00a1sufro<br \/>\nmucho<br \/>\nyo!<\/p>\n<p style=\"text-align: center;\">Yo en una<br \/>\ndoncella<br \/>\nmi estrella<br \/>\nmir\u00e9&#8230;<br \/>\nY dile,<br \/>\namante,<br \/>\nconstante<br \/>\nfe.<\/p>\n<p style=\"text-align: center;\">Pero ingrata<br \/>\nolvid\u00f3me,<br \/>\ny no sabe<br \/>\nque padezco<br \/>\ncual no puede<br \/>\nnunca, nunca<br \/>\ncomprender&#8230;<br \/>\n\u00a1Que mi pecho<br \/>\nno suspira,<br \/>\nni mi lira<br \/>\ntiene acordes<br \/>\nde placer!<\/p>\n<p style=\"text-align: center;\">Yo vi en la noche<br \/>\npl\u00e1cida luna<br \/>\nque en la laguna<br \/>\nse retrat\u00f3;<br \/>\ny vi una nube,<br \/>\nque all\u00e1 en el cielo,<br \/>\ncon denso velo<br \/>\nla obscureci\u00f3.<\/p>\n<p style=\"text-align: center;\">Yo vi a la aurora,<br \/>\nba\u00f1ada en rosa,<br \/>\ndorar la hermosa<br \/>\nfaz de la mar&#8230;<br \/>\nY vi los rayos<br \/>\nde un sol ardiente<br \/>\nque rudamente<br \/>\nborraron luego,<br \/>\ncon rojo fuego,<br \/>\nsu bella faz&#8230;<\/p>\n<p style=\"text-align: center;\">As\u00ed vi que bella<br \/>\nnaciera en un d\u00eda,<br \/>\ncon dulce alegr\u00eda,<br \/>\nla aurora luciente<br \/>\nde un pl\u00e1cido amor;<\/p>\n<p style=\"text-align: center;\">\u00a1mas hoy yo contemplo,<br \/>\nno m\u00e1s en mi vida,<br \/>\nde negro vestida,<br \/>\nla estatua tremenda<br \/>\nde amargo dolor!<\/p>\n<p style=\"text-align: center;\">\u00a1Hoy s\u00f3lo me complace<br \/>\no\u00edr la queja amarga,<br \/>\nque al cielo env\u00eda tierna<br \/>\nla t\u00f3rtola del monte<br \/>\ncon moribundo son!<br \/>\nSentir c\u00f3mo susurra<br \/>\nla brisa entre las hojas&#8230;<br \/>\n\u00a1Mirar el arroyuelo<br \/>\nque al eco de la selva<br \/>\nconfunde su rumor!<br \/>\nCanto cuando las estrellas<br \/>\nesparcen su claridad:<br \/>\ncuando argentan las espumas;<br \/>\n\u00a1las espumas de la mar!<br \/>\nCanto cuando el ancho r\u00edo<br \/>\nmurmurando triste va&#8230;<br \/>\nCuando el ruise\u00f1or encanta<br \/>\n\u00a1con su arpegio celestial!<\/p>\n<p style=\"text-align: center;\">Y al ronco mugir de las olas;<br \/>\nla noche con su lobreguez;<br \/>\ny el trueno que silva en los aires,<br \/>\n\u00a1me encanta y embriaga a la vez!<br \/>\nMe place lo triste y lo alegre;<br \/>\nme gusta la selva y el mar,<br \/>\ny a todos saludo contento&#8230;<br \/>\n\u00a1Y algunos se r\u00eden al verme!&#8230;<br \/>\nY, a veces, \u00a1me pongo a llorar!<\/p>\n<p style=\"text-align: center;\">Yo ador\u00e9 a una mujer con el fuego<br \/>\nde mi joven y audaz coraz\u00f3n:<br \/>\nmas ya he dicho que aqu\u00e9lla olvid\u00f3me,<br \/>\ny que vivo en tremendo dolor.<br \/>\n\u00bfEstoy loco? No s\u00e9: lo que siento,<br \/>\nno lo puedo jam\u00e1s explicar.<br \/>\nEs un rudo y feroce tormento&#8230;<br \/>\nNada m\u00e1s; nada m\u00e1s&#8230; \u00a1nada m\u00e1s!<\/p>\n<p style=\"text-align: center;\">\u00bfQu\u00e9 soy? \u00a1Gota de agua desprendida<br \/>\ndel raudal turbulento de la vida!<br \/>\nSoy&#8230; algo doloroso cual lamento&#8230;<br \/>\nArista d\u00e9bil que arrebata el viento!<br \/>\nSoy ave de los bosques solitaria!&#8230;<br \/>\nDeshojada y marchita pasionaria!&#8230;<br \/>\nPasionaria, ave, arista, llanto, espuma&#8230;<br \/>\n\u00a1perdido de este mundo entre la bruma!<\/p>\n<p style=\"text-align: center;\">\u00a1Felices aquellos que nunca han amado!<br \/>\n\u00a1Felices!&#8230; \u00a1Felices que no han apurado<br \/>\nel c\u00e1liz terrible de un fiero dolor!<\/p>\n<p style=\"text-align: center;\">Y \u00bfqu\u00e9 es el amor?<br \/>\n\u00bfAmor?&#8230; Germen fecundo de la dolencia humana&#8230;<br \/>\nOrigen venturoro de sin igual placer&#8230;<br \/>\ncon algo de la tarde y algo de la ma\u00f1ana&#8230;<br \/>\n\u00a1Con algo de la dicha y algo del padecer!<\/p>\n<p style=\"text-align: center;\">\u00bfNo veis a la luna, que brilla fulgente en el cielo?<br \/>\n\u00bfNo o\u00eds del arroyo el s\u00fcave y callado rumor?<br \/>\n\u00a1Pues eso que brinda la luna tranquila, es consuelo!<br \/>\n\u00a1Pues eso que dice el arroyo en el bosque, es amor!<\/p>\n<p style=\"text-align: center;\">\u00a1Y am\u00e9! Tal vez mi vida no fuera dolorosa<br \/>\nsi hubiera conservado por siempre mi ni\u00f1ez,<br \/>\nsi nunca hubiera visto los ojos de una hermosa,<br \/>\nlo rojo de sus labios, lo blanco de su tez!<\/p>\n<p style=\"text-align: center;\">\u00a1Felices aquellos que nunca han amado!<br \/>\n\u00a1Felices!&#8230; \u00a1Felices que no han apurado<br \/>\nel c\u00e1liz terrible de un fiero dolor!<\/p>\n<p style=\"text-align: center;\">\u00a1Qu\u00e9 amargo es el amor!<br \/>\n\u00a1Qu\u00e9 amargo es el amor! \u00a1As\u00ed exclamando,<br \/>\nyo cruzar\u00e9 el desierto de mi vida,<br \/>\nmostrando a todos mi profunda herida,<br \/>\nque l\u00e1grimas y sangre est\u00e1 manando!<\/p>\n<p style=\"text-align: center;\">Y al comp\u00e1s de canciones sombr\u00edas,<br \/>\ncantar\u00e9 de mi amor la memoria&#8230;<br \/>\nY sin gloria,<br \/>\nllorando siempre, pasar\u00e9 mis d\u00edas<br \/>\n\u00a1entre polvo, entre lodo, entre escoria!<\/p>\n<p style=\"text-align: center;\">Y al ronco mugir de las olas;<br \/>\nla noche con su lobreguez;<br \/>\ny el trueno que silva en los aires,<br \/>\nser\u00e1n mi tormento tambi\u00e9n.<br \/>\nMe place lo triste y lo alegre:<br \/>\nme gusta la selva y el mar&#8230;<br \/>\nYo siempre estar\u00e9me contento;<br \/>\ny algunos, reir\u00e1n al mirarme,<br \/>\n\u00a1y a veces, pondr\u00e9me a llorar!<\/p>\n<p style=\"text-align: center;\">Cantar\u00e9 si el ancho r\u00edo<br \/>\nmurmurando triste va;<br \/>\nsi el ruise\u00f1or me encantare<br \/>\ncon su arpegio celestial;<br \/>\ncuando mire a las estrellas<br \/>\nesparcir su claridad<br \/>\nsobre las pe\u00f1as negruzcas<br \/>\ny las espumas del mar.<br \/>\n\u00bfPor qu\u00e9?&#8230; Porque sin amor,<br \/>\nvuelan dolientes, sin calma,<br \/>\nlas avecillas del alma<br \/>\nentre el viento del dolor.<\/p>\n<p style=\"text-align: center;\">\u00a1Dar\u00e9 dulces canciones<br \/>\na los fugaces vientos,<br \/>\npara que entre sus alas<br \/>\nlas lleven lejos, lejos,<br \/>\ndel mundo hasta el conf\u00edn!<br \/>\nIr\u00e9me a las monta\u00f1as&#8230;<br \/>\nir\u00e9me a los oteros&#8230;<br \/>\ny all\u00ed tal vez, \u00a1Dios santo!,<br \/>\ntal vez ser\u00e9 feliz.<\/p>\n<p style=\"text-align: center;\">\u00a1Y en las alas del viento,<br \/>\noir\u00e1 mis canciones<br \/>\nla ingrata!&#8230; La ingrata<br \/>\na quien ador\u00e9.<br \/>\nAqu\u00e9lla que ri\u00f3se<br \/>\nde ver mi desgracia&#8230;<br \/>\nAqu\u00e9lla a quien dile<br \/>\nmi amor y mi fe!<\/p>\n<p style=\"text-align: center;\">\u00a1Triste es la noche!<br \/>\nTriste es la selva&#8230;<br \/>\nY del arroyo<br \/>\nlo es el rumor;<br \/>\npero es m\u00e1s triste<br \/>\nque el arroyuelo<br \/>\ny que la noche,<br \/>\nmi coraz\u00f3n.<\/p>\n<p style=\"text-align: center;\">Mis acentos,<br \/>\nen los vientos<br \/>\ncual lamentos<br \/>\nmoribundos<br \/>\nsonar\u00e1n,<br \/>\ncomo el eco<br \/>\nque en el hueco<br \/>\ndel \u00e1rbol seco,<br \/>\ntiernos forman<br \/>\nlos Favonios<br \/>\nal pasar.<\/p>\n<p style=\"text-align: center;\">\u00a1Aprendan<br \/>\nlos bardos<br \/>\nmi historia<br \/>\nde amor;<br \/>\ny c\u00e1ntela<br \/>\ntodo<br \/>\nel que es<br \/>\nTrovador!<\/p>\n<p style=\"text-align: center;\">\u00bfViste<br \/>\ntriste<br \/>\nsol?<br \/>\n\u00a1Tan triste<br \/>\ncomo \u00e9l,<br \/>\nsufro<br \/>\nmucho<br \/>\nyo!<\/p>\n<p style=\"text-align: center;\">La muerta resucita cuando a tu amor me asomo,<br \/>\nla encuentro en tus miradas inmensas y tranquilas,<br \/>\ny en toda t\u00fa&#8230; Sois ambas tan parecidas como<br \/>\ntu rostro, que dos veces se copia en mis pupilas.<br \/>\nEs cierto: aqu\u00e9lla amaba la noche radiosa,<br \/>\ny t\u00fa siempre en las albas tu ensue\u00f1o complaciste.<br \/>\n(Por eso era m\u00e1s lirio, por eso eres m\u00e1s rosa.)<br \/>\nEs cierto, aqu\u00e9lla hablaba; t\u00fa vives silenciosa,<br \/>\ny aqu\u00e9lla era m\u00e1s p\u00e1lida; pero t\u00fa eres m\u00e1s triste.<\/p>\n","protected":false},"excerpt":{"rendered":"<p>I Yo vi un ave que s\u00fcave sus cantares enton\u00f3 y vol\u00f3&#8230; Y a lo lejos, los reflejos de la luna en alta cumbre que, &hellip;<\/p>\n","protected":false},"author":1,"featured_media":222,"comment_status":"open","ping_status":"open","sticky":false,"template":"","format":"standard","meta":[],"categories":[4],"tags":[],"_links":{"self":[{"href":"https:\/\/kyriakoulakou.com\/blog\/index.php?rest_route=\/wp\/v2\/posts\/214"}],"collection":[{"href":"https:\/\/kyriakoulakou.com\/blog\/index.php?rest_route=\/wp\/v2\/posts"}],"about":[{"href":"https:\/\/kyriakoulakou.com\/blog\/index.php?rest_route=\/wp\/v2\/types\/post"}],"author":[{"embeddable":true,"href":"https:\/\/kyriakoulakou.com\/blog\/index.php?rest_route=\/wp\/v2\/users\/1"}],"replies":[{"embeddable":true,"href":"https:\/\/kyriakoulakou.com\/blog\/index.php?rest_route=%2Fwp%2Fv2%2Fcomments&post=214"}],"version-history":[{"count":2,"href":"https:\/\/kyriakoulakou.com\/blog\/index.php?rest_route=\/wp\/v2\/posts\/214\/revisions"}],"predecessor-version":[{"id":223,"href":"https:\/\/kyriakoulakou.com\/blog\/index.php?rest_route=\/wp\/v2\/posts\/214\/revisions\/223"}],"wp:featuredmedia":[{"embeddable":true,"href":"https:\/\/kyriakoulakou.com\/blog\/index.php?rest_route=\/wp\/v2\/media\/222"}],"wp:attachment":[{"href":"https:\/\/kyriakoulakou.com\/blog\/index.php?rest_route=%2Fwp%2Fv2%2Fmedia&parent=214"}],"wp:term":[{"taxonomy":"category","embeddable":true,"href":"https:\/\/kyriakoulakou.com\/blog\/index.php?rest_route=%2Fwp%2Fv2%2Fcategories&post=214"},{"taxonomy":"post_tag","embeddable":true,"href":"https:\/\/kyriakoulakou.com\/blog\/index.php?rest_route=%2Fwp%2Fv2%2Ftags&post=214"}],"curies":[{"name":"wp","href":"https:\/\/api.w.org\/{rel}","templated":true}]}}